{"id":6312,"date":"2026-05-26T10:47:00","date_gmt":"2026-05-26T10:47:00","guid":{"rendered":"https:\/\/stage.cemacon.ro\/nyilvanos-kozlemeny\/"},"modified":"2026-09-02T15:21:34","modified_gmt":"2026-09-02T15:21:34","slug":"nyilvanos-kozlemeny","status":"publish","type":"post","link":"https:\/\/stage.cemacon.ro\/hu\/nyilvanos-kozlemeny\/","title":{"rendered":"NYILV\u00c1NOS K\u00d6ZLEM\u00c9NY"},"content":{"rendered":"\n<p class=\"wp-block-paragraph\">A kolozsv\u00e1ri sz\u00e9khely\u0171 SC CEMACON SA (sz\u00e9khely: Kolozsv\u00e1r, Calea Turzii 178K\u2013188S., 1. emelet, Kolozs megye), amely a Kolozs Megyei C\u00e9gnyilv\u00e1ntart\u00e1sban J2012002466120 sz\u00e1mon szerepel, ad\u00f3azonos\u00edt\u00f3 sz\u00e1ma RO 677858, \u00e9s az AGYAGB\u00c1NYA-KITERMEL\u00c9SI MUNK\u00c1LATOK, Brani\u0219tea Vest b\u00e1nyater\u00fclet, Galac megye, 2530\/2001. sz\u00e1m\u00fa kitermel\u00e9si enged\u00e9ly elnevez\u00e9s\u0171 projekt jogosultja, t\u00e1j\u00e9koztatja az \u00e9rdekl\u0151d\u0151 nyilv\u00e1noss\u00e1got arr\u00f3l, hogy a DJM Gala\u021bi a k\u00f6rnyezeti hat\u00e1svizsg\u00e1lati elj\u00e1r\u00e1s keret\u00e9ben meghozta az el\u0151zetes besorol\u00e1si szakaszra vonatkoz\u00f3 d\u00f6nt\u00e9s\u00e9t, amely szerint nincs sz\u00fcks\u00e9g k\u00f6rnyezeti hat\u00e1svizsg\u00e1latra, a v\u00edztestekre gyakorolt hat\u00e1s vizsg\u00e1lat\u00e1ra, illetve megfelel\u0151 vizsg\u00e1latra az AGYAGB\u00c1NYA-KITERMEL\u00c9SI MUNK\u00c1LATOK, Brani\u0219tea Vest b\u00e1nyater\u00fclet elnevez\u00e9s\u0171 projekt eset\u00e9ben. A projekt tervezett helysz\u00edne: Tarlaua 41, Parcela 319 \u00e9s Tarlaua 64, Parcela 320, 110849. sz\u00e1m\u00fa telekk\u00f6nyv. A besorol\u00e1si d\u00f6nt\u00e9s tervezete \u00e9s az azt megalapoz\u00f3 indokok a k\u00f6vetkez\u0151 internetes c\u00edmen tekinthet\u0151k meg: htpp:\/\/www.djmgl.anmap.gov.ro, a Reglement\u0103ri \u2192 Acordul de mediu \u2192 Proiect decizie etap\u0103 de \u00eencadrare men\u00fcpontban. Az \u00e9rdekl\u0151d\u0151 nyilv\u00e1noss\u00e1g a besorol\u00e1si d\u00f6nt\u00e9s tervezet\u00e9vel kapcsolatos \u00e9szrev\u00e9teleit \u00e9s megjegyz\u00e9seit a k\u00f6zlem\u00e9nynek a DJM Gala\u021bi honlapj\u00e1n t\u00f6rt\u00e9n\u0151 k\u00f6zz\u00e9t\u00e9tel\u00e9t\u0151l sz\u00e1m\u00edtott 10 napon bel\u00fcl k\u00fcldheti el az office@ djmgl.anmap.gov.ro e-mail-c\u00edmre.<\/p>\n","protected":false},"excerpt":{"rendered":"<p>A kolozsv\u00e1ri sz\u00e9khely\u0171 SC CEMACON SA (sz\u00e9khely: Kolozsv\u00e1r, Calea Turzii 178K\u2013188S., 1. emelet, Kolozs megye), amely a Kolozs Megyei C\u00e9gnyilv\u00e1ntart\u00e1sban J2012002466120 sz\u00e1mon szerepel, ad\u00f3azonos\u00edt\u00f3 sz\u00e1ma RO 677858, \u00e9s az AGYAGB\u00c1NYA-KITERMEL\u00c9SI MUNK\u00c1LATOK, Brani\u0219tea Vest b\u00e1nyater\u00fclet, Galac megye, 2530\/2001. sz\u00e1m\u00fa kitermel\u00e9si enged\u00e9ly elnevez\u00e9s\u0171 projekt jogosultja, t\u00e1j\u00e9koztatja az \u00e9rdekl\u0151d\u0151 nyilv\u00e1noss\u00e1got arr\u00f3l, hogy a DJM Gala\u021bi a k\u00f6rnyezeti hat\u00e1svizsg\u00e1lati [&hellip;]<\/p>\n","protected":false},"author":1,"featured_media":6309,"comment_status":"open","ping_status":"open","sticky":false,"template":"","format":"quote","meta":{"_acf_changed":false,"cemacon_post_audio_link_meta":"","cemacon_video_type_meta":"","cemacon_post_video_id_meta":"","cemacon_post_video_image_meta":"","cemacon_post_video_webm_link_meta":"","cemacon_post_video_mp4_link_meta":"","cemacon_post_video_ogv_link_meta":"","cemacon_post_quote_text_meta":"","cemacon_post_gallery_images_meta":"","cemacon_post_link_link_meta":"","footnotes":""},"categories":[869],"tags":[870],"class_list":["post-6312","post","type-post","status-publish","format-quote","has-post-thumbnail","hentry","category-kozlemenyek","tag-kozlemenyek","post_format-post-format-quote"],"acf":[],"_links":{"self":[{"href":"https:\/\/stage.cemacon.ro\/hu\/wp-json\/wp\/v2\/posts\/6312","targetHints":{"allow":["GET"]}}],"collection":[{"href":"https:\/\/stage.cemacon.ro\/hu\/wp-json\/wp\/v2\/posts"}],"about":[{"href":"https:\/\/stage.cemacon.ro\/hu\/wp-json\/wp\/v2\/types\/post"}],"author":[{"embeddable":true,"href":"https:\/\/stage.cemacon.ro\/hu\/wp-json\/wp\/v2\/users\/1"}],"replies":[{"embeddable":true,"href":"https:\/\/stage.cemacon.ro\/hu\/wp-json\/wp\/v2\/comments?post=6312"}],"version-history":[{"count":1,"href":"https:\/\/stage.cemacon.ro\/hu\/wp-json\/wp\/v2\/posts\/6312\/revisions"}],"predecessor-version":[{"id":6313,"href":"https:\/\/stage.cemacon.ro\/hu\/wp-json\/wp\/v2\/posts\/6312\/revisions\/6313"}],"wp:featuredmedia":[{"embeddable":true,"href":"https:\/\/stage.cemacon.ro\/hu\/wp-json\/wp\/v2\/media\/6309"}],"wp:attachment":[{"href":"https:\/\/stage.cemacon.ro\/hu\/wp-json\/wp\/v2\/media?parent=6312"}],"wp:term":[{"taxonomy":"category","embeddable":true,"href":"https:\/\/stage.cemacon.ro\/hu\/wp-json\/wp\/v2\/categories?post=6312"},{"taxonomy":"post_tag","embeddable":true,"href":"https:\/\/stage.cemacon.ro\/hu\/wp-json\/wp\/v2\/tags?post=6312"}],"curies":[{"name":"wp","href":"https:\/\/api.w.org\/{rel}","templated":true}]}}