{"id":6336,"date":"2025-02-03T08:59:00","date_gmt":"2025-02-03T08:59:00","guid":{"rendered":"https:\/\/stage.cemacon.ro\/a-cemacon-es-az-euro-caramida-lezarta-az-egyesulest\/"},"modified":"2026-09-02T15:44:20","modified_gmt":"2026-09-02T15:44:20","slug":"a-cemacon-es-az-euro-caramida-lezarta-az-egyesulest","status":"publish","type":"post","link":"https:\/\/stage.cemacon.ro\/hu\/a-cemacon-es-az-euro-caramida-lezarta-az-egyesulest\/","title":{"rendered":"A CEMACON \u00e9s az EURO C\u0102R\u0102MIDA lez\u00e1rta az egyes\u00fcl\u00e9st"},"content":{"rendered":"\n<p class=\"wp-block-paragraph\">2025. febru\u00e1r 1-j\u00e9n a CEMACON, Rom\u00e1nia ker\u00e1mia falaz\u00f3elemek piac\u00e1nak vezet\u0151 v\u00e1llalata sikeresen lez\u00e1rta az EURO C\u0102R\u0102MIDA v\u00e1llalattal val\u00f3 egyes\u00fcl\u00e9st, ami mindk\u00e9t c\u00e9g t\u00f6rt\u00e9net\u00e9ben fontos m\u00e9rf\u00f6ldk\u0151.<\/p>\n\n<p class=\"wp-block-paragraph\">Az EURO C\u0102R\u0102MIDA SA CEMACON SA \u00e1ltali 2023-as felv\u00e1s\u00e1rl\u00e1sa t\u00f6bb mint 30 milli\u00f3 eur\u00f3s, jelent\u0151s beruh\u00e1z\u00e1st jelentett. Ez az \u00f6sszeg a tranzakci\u00f3 k\u00f6lts\u00e9geit, valamint a k\u00f6vetkez\u0151 \u00e9vekre tervezett korszer\u0171s\u00edt\u00e9si projektek finansz\u00edroz\u00e1s\u00e1t egyar\u00e1nt fedezte. A CEMACON c\u00e9lja, hogy egy kor\u00e1bban versenyk\u00e9ptelen k\u00fclf\u00f6ldi v\u00e1llalat felv\u00e1s\u00e1rl\u00e1s\u00e1val \u00e9s korszer\u0171s\u00edt\u00e9s\u00e9vel \u00faj kiv\u00e1l\u00f3s\u00e1gi m\u00e9rc\u00e9t \u00e1ll\u00edtson fel a rom\u00e1niai \u00e9p\u00edt\u0151iparban.  <\/p>\n\n<p class=\"wp-block-paragraph\">\u201eMintegy m\u00e1sf\u00e9l \u00e9v alatt siker\u00fclt \u00e1tadnunk a sz\u00fcks\u00e9ges know-how-t \u00e9s beruh\u00e1znunk a technol\u00f3giai korszer\u0171s\u00edt\u00e9sbe, ez\u00e1ltal hasznos\u00edtva a felv\u00e1s\u00e1rolt v\u00e1llalat er\u0151forr\u00e1sait. Ma kib\u0151v\u00edtett \u00e9s soksz\u00edn\u0171 \u00e9p\u00edt\u0151anyag-portf\u00f3li\u00f3t, gyors \u00e9s hat\u00e9kony szolg\u00e1ltat\u00e1sokat, valamint jobb logisztikai lefedetts\u00e9get k\u00edn\u00e1lunk \u00fcgyfeleinknek az orsz\u00e1g nyugati r\u00e9sz\u00e9n. Emellett az egyes\u00fcl\u00e9sb\u0151l ered\u0151 k\u00f6lts\u00e9goptimaliz\u00e1l\u00e1s \u00e9s m\u0171k\u00f6d\u00e9si hat\u00e9konys\u00e1g lehet\u0151v\u00e9 teszi, hogy versenyk\u00e9pesebb \u00e1rakat k\u00edn\u00e1ljunk, t\u00e1mogatva partnereinket v\u00e1llalkoz\u00e1suk n\u00f6veked\u00e9s\u00e9ben \u00e9s fejleszt\u00e9s\u00e9ben\u201d \u2013 nyilatkozta Daniel \u0218ologon, a CEMACON vez\u00e9rigazgat\u00f3ja.  <\/p>\n\n<p class=\"wp-block-paragraph\">A CEMACON jelent\u0151s beruh\u00e1z\u00e1sokat hajtott v\u00e9gre a gy\u00e1rt\u00f3sorok korszer\u0171s\u00edt\u00e9s\u00e9re energiahat\u00e9konys\u00e1gi \u00e9s technol\u00f3giai fejleszt\u00e9si projektek r\u00e9v\u00e9n. A v\u00e1llalat emellett kiemelt figyelmet ford\u00edtott a munkav\u00e1llal\u00f3k munkak\u00f6r\u00fclm\u00e9nyeire: korszer\u0171s\u00edtette a munkater\u00fcleteket, \u00e9s k\u00fcl\u00f6n pihen\u0151- \u00e9s k\u00f6z\u00f6ss\u00e9gi tereket alak\u00edtott ki. Mindezek mellett a CEMACON cs\u00facstechnol\u00f3gi\u00e1val szerelte fel bels\u0151 laborat\u00f3rium\u00e1t, \u00e9s optimaliz\u00e1lta a logisztikai folyamatokat. A Bihari\u00e1ban gy\u00e1rtott term\u00e9kek megfelelnek az exporthoz sz\u00fcks\u00e9ges szabv\u00e1nyoknak, \u00e9s hamarosan megjelennek a szomsz\u00e9dos orsz\u00e1gok piacain. \u201eAz egyes\u00fcl\u00e9s lez\u00e1r\u00e1s\u00e1val a v\u00e9gs\u0151 szakaszba l\u00e9p\u00fcnk annak \u00e9rdek\u00e9ben, hogy megkezdhess\u00fck n\u00e9h\u00e1ny kulcsfontoss\u00e1g\u00fa, kiv\u00e1l\u00f3 min\u0151s\u00e9g\u0171 \u00e9s k\u00f6rnyezetbar\u00e1t, 100%-ban term\u00e9szetes rom\u00e1niai agyagb\u00f3l k\u00e9sz\u00fclt term\u00e9k exportj\u00e1t. Ez a strat\u00e9giai l\u00e9p\u00e9s \u00faj lehet\u0151s\u00e9geket nyit meg, \u00e9s meger\u0151s\u00edti a CEMACON csoport jelenl\u00e9t\u00e9t a r\u00e9gi\u00f3ban\u201d \u2013 hangs\u00falyozta Daniel \u0218ologon.     <\/p>\n","protected":false},"excerpt":{"rendered":"<p>2025. febru\u00e1r 1-j\u00e9n a CEMACON, Rom\u00e1nia ker\u00e1mia falaz\u00f3elemek piac\u00e1nak vezet\u0151 v\u00e1llalata sikeresen lez\u00e1rta az EURO C\u0102R\u0102MIDA v\u00e1llalattal val\u00f3 egyes\u00fcl\u00e9st, ami mindk\u00e9t c\u00e9g t\u00f6rt\u00e9net\u00e9ben fontos m\u00e9rf\u00f6ldk\u0151. Az EURO C\u0102R\u0102MIDA SA CEMACON SA \u00e1ltali 2023-as felv\u00e1s\u00e1rl\u00e1sa t\u00f6bb mint 30 milli\u00f3 eur\u00f3s, jelent\u0151s beruh\u00e1z\u00e1st jelentett. Ez az \u00f6sszeg a tranzakci\u00f3 k\u00f6lts\u00e9geit, valamint a k\u00f6vetkez\u0151 \u00e9vekre tervezett korszer\u0171s\u00edt\u00e9si projektek [&hellip;]<\/p>\n","protected":false},"author":1,"featured_media":6332,"comment_status":"open","ping_status":"open","sticky":false,"template":"","format":"standard","meta":{"_acf_changed":false,"cemacon_post_audio_link_meta":"","cemacon_video_type_meta":"","cemacon_post_video_id_meta":"","cemacon_post_video_image_meta":"","cemacon_post_video_webm_link_meta":"","cemacon_post_video_mp4_link_meta":"","cemacon_post_video_ogv_link_meta":"","cemacon_post_quote_text_meta":"","cemacon_post_gallery_images_meta":"","cemacon_post_link_link_meta":"","footnotes":""},"categories":[874],"tags":[876,875,877],"class_list":["post-6336","post","type-post","status-publish","format-standard","has-post-thumbnail","hentry","category-beruhazasok","tag-beruhazasok","tag-cemacon","tag-euro-caramida"],"acf":[],"_links":{"self":[{"href":"https:\/\/stage.cemacon.ro\/hu\/wp-json\/wp\/v2\/posts\/6336","targetHints":{"allow":["GET"]}}],"collection":[{"href":"https:\/\/stage.cemacon.ro\/hu\/wp-json\/wp\/v2\/posts"}],"about":[{"href":"https:\/\/stage.cemacon.ro\/hu\/wp-json\/wp\/v2\/types\/post"}],"author":[{"embeddable":true,"href":"https:\/\/stage.cemacon.ro\/hu\/wp-json\/wp\/v2\/users\/1"}],"replies":[{"embeddable":true,"href":"https:\/\/stage.cemacon.ro\/hu\/wp-json\/wp\/v2\/comments?post=6336"}],"version-history":[{"count":1,"href":"https:\/\/stage.cemacon.ro\/hu\/wp-json\/wp\/v2\/posts\/6336\/revisions"}],"predecessor-version":[{"id":6337,"href":"https:\/\/stage.cemacon.ro\/hu\/wp-json\/wp\/v2\/posts\/6336\/revisions\/6337"}],"wp:featuredmedia":[{"embeddable":true,"href":"https:\/\/stage.cemacon.ro\/hu\/wp-json\/wp\/v2\/media\/6332"}],"wp:attachment":[{"href":"https:\/\/stage.cemacon.ro\/hu\/wp-json\/wp\/v2\/media?parent=6336"}],"wp:term":[{"taxonomy":"category","embeddable":true,"href":"https:\/\/stage.cemacon.ro\/hu\/wp-json\/wp\/v2\/categories?post=6336"},{"taxonomy":"post_tag","embeddable":true,"href":"https:\/\/stage.cemacon.ro\/hu\/wp-json\/wp\/v2\/tags?post=6336"}],"curies":[{"name":"wp","href":"https:\/\/api.w.org\/{rel}","templated":true}]}}