{"id":6422,"date":"2024-01-10T10:32:00","date_gmt":"2024-01-10T10:32:00","guid":{"rendered":"https:\/\/stage.cemacon.ro\/a-best-managed-companies-2023-minosites\/"},"modified":"2026-09-02T16:23:05","modified_gmt":"2026-09-02T16:23:05","slug":"a-best-managed-companies-2023-minosites","status":"publish","type":"post","link":"https:\/\/stage.cemacon.ro\/hu\/a-best-managed-companies-2023-minosites\/","title":{"rendered":"A \u201eBest Managed Companies 2023\u201d min\u0151s\u00edt\u00e9s"},"content":{"rendered":"\n<p class=\"wp-block-paragraph\">A \u201eBest Managed Companies 2023\u201d vezet\u00e9si kiv\u00e1l\u00f3s\u00e1gi min\u0151s\u00edt\u00e9st az al\u00e1bbi v\u00e1llalat kapta meg: <a href=\"https:\/\/www.facebook.com\/cemacon.ro\" target=\"_blank\" rel=\"noreferrer noopener\">Cemacon<\/a>. A min\u0151s\u00edt\u00e9st oda\u00edt\u00e9l\u0151 szervezet: <a href=\"https:\/\/www.facebook.com\/DeloitteRomania\/?brand_redir=297569497873\" target=\"_blank\" rel=\"noreferrer noopener\">Deloitte<\/a> <\/p>\n\n<p class=\"wp-block-paragraph\">\u201eEz a d\u00edj ism\u00e9t meger\u0151s\u00edti, hogy fontos l\u00e9p\u00e9seket tett\u00fcnk \u00fczleti folyamataink struktur\u00e1l\u00e1s\u00e1ban; sikeresen t\u00e1rjuk fel a piaci finansz\u00edroz\u00e1s \u00e9rt\u00e9kes lehet\u0151s\u00e9geit; figyelmet ford\u00edtunk a fenntarthat\u00f3s\u00e1gi szempontokra; v\u00e1llalkoz\u00f3k\u00e9nt \u00e9rettebb\u00e9 v\u00e1ltunk \u00e9s egyre biztosabban vagyunk jelen a piacon; csapatk\u00e9nt kiegyens\u00falyozottak \u00e9s \u00f6sszehangoltak vagyunk, modern szervezeti kult\u00far\u00e1nk pedig az egy\u00e9ni \u00e9s a csapatteljes\u00edtm\u00e9nyre egyar\u00e1nt \u00e9p\u00edt.<\/p>\n\n<p class=\"wp-block-paragraph\">A min\u0151s\u00edt\u00e9s megszerz\u00e9se \u00f6nmag\u00e1ban is \u00e9rdekes folyamat volt, amelynek sor\u00e1n \u00fatmutat\u00e1st kaptunk ahhoz, hogy a program n\u00e9gy pill\u00e9re ment\u00e9n \u00e9rt\u00e9kelj\u00fck szervezet\u00fcnk legfontosabb ter\u00fcleteit: strat\u00e9gia; er\u0151forr\u00e1sok \u00e9s innov\u00e1ci\u00f3; szervezeti kult\u00fara \u00e9s a munkav\u00e1llal\u00f3k motiv\u00e1l\u00e1sa; v\u00e1llalatir\u00e1ny\u00edt\u00e1s \u00e9s p\u00e9nz\u00fcgyi szempontok. Mindezt a bev\u00e1lt gyakorlatokhoz viszony\u00edtva, egy nemzetk\u00f6zi szinten 30 \u00e9v alatt kidolgozott m\u00f3dszertan szerint v\u00e9gezt\u00fck. A m\u00f3dszertan kidolgoz\u00f3ja: <a href=\"https:\/\/www.linkedin.com\/company\/deloitte\/\" target=\"_blank\" rel=\"noreferrer noopener\">Deloitte<\/a><\/p>\n\n<p class=\"wp-block-paragraph\">K\u00f6sz\u00f6n\u00f6m koll\u00e9g\u00e1im eddigi elk\u00f6telezetts\u00e9g\u00e9t; ez az eg\u00e9sz csapat d\u00edja. Biztos\u00edtjuk \u00d6n\u00f6ket, hogy 2024-ben is ugyanezt a kiv\u00e1l\u00f3s\u00e1gi sz\u00ednvonalat tartjuk fenn a CEMACON-n\u00e1l!\u201d \u2013 Daniel \u0218ologon, a CEMACON vez\u00e9rigazgat\u00f3ja<\/p>\n\n<p class=\"wp-block-paragraph\">*A min\u0151s\u00edt\u00e9st nemzetk\u00f6zi m\u00f3dszertan alapj\u00e1n egy f\u00fcggetlen zs\u0171ri \u00edt\u00e9li oda, amely n\u00e9gy pill\u00e9rt \u00e9rt\u00e9kel: strat\u00e9gia, kult\u00fara, innov\u00e1ci\u00f3 \u00e9s er\u0151forr\u00e1sok, valamint v\u00e1llalatir\u00e1ny\u00edt\u00e1s. A Best Managed Companies a Deloitte egyik legr\u00e9gebb \u00f3ta m\u0171k\u00f6d\u0151 nemzetk\u00f6zi programja, amelyet 1993 \u00f3ta \u00e9vente rendeznek meg a vil\u00e1g t\u00f6bb mint 45 orsz\u00e1g\u00e1ban. Saj\u00e1t m\u00f3dszertana \u00e9s a nemzetk\u00f6zi bev\u00e1lt gyakorlatok alapj\u00e1n azt vizsg\u00e1lja, mik\u00e9nt szervezik \u00e9s ir\u00e1ny\u00edtj\u00e1k a v\u00e1llalkoz\u00e1sokat. A program els\u0151 rom\u00e1niai kiad\u00e1s\u00e1ra 2022-ben ker\u00fclt sor. A Deloitte programja minden m\u00e9ret\u0171 mag\u00e1nv\u00e1llalat sz\u00e1m\u00e1ra sz\u00f3l, bele\u00e9rtve a helyi v\u00e1llalkoz\u00f3kat, a kkv-kat, a startupokat \u00e9s a csal\u00e1di v\u00e1llalkoz\u00e1sokat is. Az idei programra t\u00f6bb mint sz\u00e1z helyi v\u00e1llalat jelentkezett, k\u00f6z\u00fcl\u00fck 40 jutott a f\u0151 szakaszba, \u00e9s 21 \u2013 k\u00f6zt\u00fck a CEMACON \u2013 kapta meg a min\u0151s\u00edt\u00e9st. A Best Managed Companies kezdem\u00e9nyez\u00e9s az al\u00e1bbi program \u00e9gisze alatt m\u0171k\u00f6dik: <a href=\"https:\/\/www2.deloitte.com\/ro\/ro\/services\/deloitte-private.html\" target=\"_blank\" rel=\"noreferrer noopener\">Deloitte Private<\/a>    <\/p>\n\n<figure data-wp-context=\"{&quot;imageId&quot;:&quot;6a9b8c13e8841&quot;}\" data-wp-interactive=\"core\/image\" data-wp-key=\"6a9b8c13e8841\" class=\"wp-block-image size-large wp-lightbox-container\"><img fetchpriority=\"high\" decoding=\"async\" width=\"1024\" height=\"683\" data-wp-class--hide=\"state.isContentHidden\" data-wp-class--show=\"state.isContentVisible\" data-wp-init=\"callbacks.setButtonStyles\" data-wp-on--click=\"actions.showLightbox\" data-wp-on--load=\"callbacks.setButtonStyles\" data-wp-on--pointerdown=\"actions.preloadImage\" data-wp-on--pointerenter=\"actions.preloadImageWithDelay\" data-wp-on--pointerleave=\"actions.cancelPreload\" data-wp-on-window--resize=\"callbacks.setButtonStyles\" src=\"https:\/\/stage.cemacon.ro\/wp-content\/uploads\/2024\/01\/65c47eeba10c7581182047-1024x683.jpg\" alt=\"\" class=\"wp-image-557\" srcset=\"https:\/\/stage.cemacon.ro\/wp-content\/uploads\/2024\/01\/65c47eeba10c7581182047-1024x683.jpg 1024w, https:\/\/stage.cemacon.ro\/wp-content\/uploads\/2024\/01\/65c47eeba10c7581182047-scaled-600x400.jpg 600w, https:\/\/stage.cemacon.ro\/wp-content\/uploads\/2024\/01\/65c47eeba10c7581182047-300x200.jpg 300w, https:\/\/stage.cemacon.ro\/wp-content\/uploads\/2024\/01\/65c47eeba10c7581182047-768x512.jpg 768w, https:\/\/stage.cemacon.ro\/wp-content\/uploads\/2024\/01\/65c47eeba10c7581182047-1536x1024.jpg 1536w, https:\/\/stage.cemacon.ro\/wp-content\/uploads\/2024\/01\/65c47eeba10c7581182047-2048x1365.jpg 2048w\" sizes=\"(max-width: 1024px) 100vw, 1024px\" \/><button\n\t\t\tclass=\"lightbox-trigger\"\n\t\t\ttype=\"button\"\n\t\t\taria-haspopup=\"dialog\"\n\t\t\tdata-wp-bind--aria-label=\"state.thisImage.triggerButtonAriaLabel\"\n\t\t\tdata-wp-init=\"callbacks.initTriggerButton\"\n\t\t\tdata-wp-on--click=\"actions.showLightbox\"\n\t\t\tdata-wp-style--right=\"state.thisImage.buttonRight\"\n\t\t\tdata-wp-style--top=\"state.thisImage.buttonTop\"\n\t\t>\n\t\t\t<svg xmlns=\"http:\/\/www.w3.org\/2000\/svg\" width=\"12\" height=\"12\" fill=\"none\" viewBox=\"0 0 12 12\">\n\t\t\t\t<path fill=\"#fff\" d=\"M2 0a2 2 0 0 0-2 2v2h1.5V2a.5.5 0 0 1 .5-.5h2V0H2Zm2 10.5H2a.5.5 0 0 1-.5-.5V8H0v2a2 2 0 0 0 2 2h2v-1.5ZM8 12v-1.5h2a.5.5 0 0 0 .5-.5V8H12v2a2 2 0 0 1-2 2H8Zm2-12a2 2 0 0 1 2 2v2h-1.5V2a.5.5 0 0 0-.5-.5H8V0h2Z\" \/>\n\t\t\t<\/svg>\n\t\t<\/button><\/figure>\n","protected":false},"excerpt":{"rendered":"<p>A \u201eBest Managed Companies 2023\u201d vezet\u00e9si kiv\u00e1l\u00f3s\u00e1gi min\u0151s\u00edt\u00e9st az al\u00e1bbi v\u00e1llalat kapta meg: Cemacon. A min\u0151s\u00edt\u00e9st oda\u00edt\u00e9l\u0151 szervezet: Deloitte \u201eEz a d\u00edj ism\u00e9t meger\u0151s\u00edti, hogy fontos l\u00e9p\u00e9seket tett\u00fcnk \u00fczleti folyamataink struktur\u00e1l\u00e1s\u00e1ban; sikeresen t\u00e1rjuk fel a piaci finansz\u00edroz\u00e1s \u00e9rt\u00e9kes lehet\u0151s\u00e9geit; figyelmet ford\u00edtunk a fenntarthat\u00f3s\u00e1gi szempontokra; v\u00e1llalkoz\u00f3k\u00e9nt \u00e9rettebb\u00e9 v\u00e1ltunk \u00e9s egyre biztosabban vagyunk jelen a piacon; csapatk\u00e9nt [&hellip;]<\/p>\n","protected":false},"author":1,"featured_media":6368,"comment_status":"open","ping_status":"open","sticky":false,"template":"","format":"video","meta":{"_acf_changed":false,"cemacon_post_audio_link_meta":"","cemacon_video_type_meta":"","cemacon_post_video_id_meta":"","cemacon_post_video_image_meta":"","cemacon_post_video_webm_link_meta":"","cemacon_post_video_mp4_link_meta":"","cemacon_post_video_ogv_link_meta":"","cemacon_post_quote_text_meta":"","cemacon_post_gallery_images_meta":"","cemacon_post_link_link_meta":"","footnotes":""},"categories":[871],"tags":[872,883],"class_list":["post-6422","post","type-post","status-publish","format-video","has-post-thumbnail","hentry","category-tanusitvanyok","tag-tanusitvanyok","tag-vallalat","post_format-post-format-video"],"acf":[],"_links":{"self":[{"href":"https:\/\/stage.cemacon.ro\/hu\/wp-json\/wp\/v2\/posts\/6422","targetHints":{"allow":["GET"]}}],"collection":[{"href":"https:\/\/stage.cemacon.ro\/hu\/wp-json\/wp\/v2\/posts"}],"about":[{"href":"https:\/\/stage.cemacon.ro\/hu\/wp-json\/wp\/v2\/types\/post"}],"author":[{"embeddable":true,"href":"https:\/\/stage.cemacon.ro\/hu\/wp-json\/wp\/v2\/users\/1"}],"replies":[{"embeddable":true,"href":"https:\/\/stage.cemacon.ro\/hu\/wp-json\/wp\/v2\/comments?post=6422"}],"version-history":[{"count":3,"href":"https:\/\/stage.cemacon.ro\/hu\/wp-json\/wp\/v2\/posts\/6422\/revisions"}],"predecessor-version":[{"id":6444,"href":"https:\/\/stage.cemacon.ro\/hu\/wp-json\/wp\/v2\/posts\/6422\/revisions\/6444"}],"wp:featuredmedia":[{"embeddable":true,"href":"https:\/\/stage.cemacon.ro\/hu\/wp-json\/wp\/v2\/media\/6368"}],"wp:attachment":[{"href":"https:\/\/stage.cemacon.ro\/hu\/wp-json\/wp\/v2\/media?parent=6422"}],"wp:term":[{"taxonomy":"category","embeddable":true,"href":"https:\/\/stage.cemacon.ro\/hu\/wp-json\/wp\/v2\/categories?post=6422"},{"taxonomy":"post_tag","embeddable":true,"href":"https:\/\/stage.cemacon.ro\/hu\/wp-json\/wp\/v2\/tags?post=6422"}],"curies":[{"name":"wp","href":"https:\/\/api.w.org\/{rel}","templated":true}]}}